{"id":3857,"date":"2025-09-17T12:17:38","date_gmt":"2025-09-17T12:17:38","guid":{"rendered":"https:\/\/avefi.com\/?p=3857"},"modified":"2025-09-17T12:18:17","modified_gmt":"2025-09-17T12:18:17","slug":"limmobilier-en-europe","status":"publish","type":"post","link":"http:\/\/avefi.com\/?p=3857","title":{"rendered":"L&rsquo;immobilier en Europe"},"content":{"rendered":"\t\t<div data-elementor-type=\"wp-post\" data-elementor-id=\"3857\" class=\"elementor elementor-3857\">\n\t\t\t\t\t\t<section class=\"elementor-section elementor-top-section elementor-element elementor-element-3acbdf2 elementor-section-boxed elementor-section-height-default elementor-section-height-default\" data-id=\"3acbdf2\" data-element_type=\"section\" data-e-type=\"section\">\n\t\t\t\t\t\t<div class=\"elementor-container elementor-column-gap-default\">\n\t\t\t\t\t<div class=\"elementor-column elementor-col-100 elementor-top-column elementor-element elementor-element-7a8dea6\" data-id=\"7a8dea6\" data-element_type=\"column\" data-e-type=\"column\">\n\t\t\t<div class=\"elementor-widget-wrap elementor-element-populated\">\n\t\t\t\t\t\t<div class=\"elementor-element elementor-element-f0a460c elementor-widget elementor-widget-html\" data-id=\"f0a460c\" data-element_type=\"widget\" data-e-type=\"widget\" data-widget_type=\"html.default\">\n\t\t\t\t<div class=\"elementor-widget-container\">\n\t\t\t\t\t<!DOCTYPE html>\r\n<html lang=\"fr\">\r\n<head>\r\n    <meta charset=\"UTF-8\">\r\n    <meta name=\"viewport\" content=\"width=device-width, initial-scale=1.0\">\r\n    <title>Analyse Compar\u00e9e de l'Immobilier R\u00e9sidentiel en Europe 2025<\/title>\r\n    <style>\r\n        :root {\r\n            --primary-color: #2c3e50;\r\n            --secondary-color: #3498db;\r\n            --accent-color: #e74c3c;\r\n            --light-color: #ecf0f1;\r\n            --dark-color: #34495e;\r\n            --text-color: #333;\r\n            --light-text: #7f8c8d;\r\n            --spain-color: #c0392b;\r\n            --portugal-color: #2980b9;\r\n            --greece-color: #f39c12;\r\n            --italy-color: #27ae60;\r\n            --europe-color: #8e44ad;\r\n        }\r\n        \r\n        * {\r\n            margin: 0;\r\n            padding: 0;\r\n            box-sizing: border-box;\r\n        }\r\n        \r\n        body {\r\n            font-family: 'Segoe UI', Tahoma, Geneva, Verdana, sans-serif;\r\n            line-height: 1.6;\r\n            color: var(--text-color);\r\n            background-color: #f9f9f9;\r\n            padding: 0;\r\n            margin: 0;\r\n        }\r\n        \r\n        .container {\r\n            max-width: 1200px;\r\n            margin: 0 auto;\r\n            padding: 20px;\r\n        }\r\n        \r\n        header {\r\n            background: linear-gradient(135deg, var(--primary-color), var(--europe-color));\r\n            color: white;\r\n            padding: 2rem 0;\r\n            text-align: center;\r\n            margin-bottom: 2rem;\r\n        }\r\n        \r\n        h1, h2, h3, h4 {\r\n            margin-bottom: 1rem;\r\n            color: var(--primary-color);\r\n        }\r\n        \r\n        h1 {\r\n            font-size: 2.5rem;\r\n            margin-bottom: 1.5rem;\r\n        }\r\n        \r\n        h2 {\r\n            font-size: 1.8rem;\r\n            padding-bottom: 0.5rem;\r\n            border-bottom: 2px solid var(--secondary-color);\r\n            margin-top: 2rem;\r\n        }\r\n        \r\n        h3 {\r\n            font-size: 1.4rem;\r\n            color: var(--dark-color);\r\n            margin-top: 1.5rem;\r\n        }\r\n        \r\n        p {\r\n            margin-bottom: 1rem;\r\n        }\r\n        \r\n        .intro {\r\n            font-size: 1.1rem;\r\n            background-color: var(--light-color);\r\n            padding: 1.5rem;\r\n            border-radius: 5px;\r\n            margin-bottom: 2rem;\r\n        }\r\n        \r\n        table {\r\n            width: 100%;\r\n            border-collapse: collapse;\r\n            margin: 1.5rem 0;\r\n            box-shadow: 0 2px 5px rgba(0,0,0,0.1);\r\n            background-color: white;\r\n        }\r\n        \r\n        th, td {\r\n            padding: 12px 15px;\r\n            text-align: left;\r\n            border: 1px solid #ddd;\r\n        }\r\n        \r\n        th {\r\n            background-color: var(--primary-color);\r\n            color: white;\r\n            font-weight: 600;\r\n        }\r\n        \r\n        tr:nth-child(even) {\r\n            background-color: #f2f2f2;\r\n        }\r\n        \r\n        .highlight {\r\n            background-color: #fff8e1;\r\n            padding: 1rem;\r\n            border-left: 4px solid var(--accent-color);\r\n            margin: 1.5rem 0;\r\n        }\r\n        \r\n        .note {\r\n            background-color: #e3f2fd;\r\n            padding: 1rem;\r\n            border-left: 4px solid var(--secondary-color);\r\n            margin: 1.5rem 0;\r\n            font-style: italic;\r\n        }\r\n        \r\n        .warning {\r\n            background-color: #ffebee;\r\n            padding: 1rem;\r\n            border-left: 4px solid var(--accent-color);\r\n            margin: 1.5rem 0;\r\n        }\r\n        \r\n        .section {\r\n            background-color: white;\r\n            padding: 2rem;\r\n            border-radius: 5px;\r\n            box-shadow: 0 2px 10px rgba(0,0,0,0.05);\r\n            margin-bottom: 2rem;\r\n        }\r\n        \r\n        .footer {\r\n            text-align: center;\r\n            padding: 2rem;\r\n            background-color: var(--dark-color);\r\n            color: white;\r\n            margin-top: 3rem;\r\n        }\r\n        \r\n        .nav {\r\n            display: flex;\r\n            justify-content: center;\r\n            flex-wrap: wrap;\r\n            margin: 1.5rem 0;\r\n        }\r\n        \r\n        .nav a {\r\n            margin: 0.5rem 1rem;\r\n            padding: 0.5rem 1rem;\r\n            background-color: var(--secondary-color);\r\n            color: white;\r\n            text-decoration: none;\r\n            border-radius: 3px;\r\n            transition: background-color 0.3s;\r\n        }\r\n        \r\n        .nav a:hover {\r\n            background-color: var(--primary-color);\r\n        }\r\n        \r\n        .comparison {\r\n            display: flex;\r\n            flex-wrap: wrap;\r\n            justify-content: space-between;\r\n            margin: 2rem 0;\r\n        }\r\n        \r\n        .comparison-box {\r\n            flex: 1;\r\n            min-width: 300px;\r\n            margin: 0 1rem 1rem 0;\r\n            padding: 1.5rem;\r\n            background-color: white;\r\n            border-radius: 5px;\r\n            box-shadow: 0 2px 5px rgba(0,0,0,0.1);\r\n        }\r\n        \r\n        .comparison-box h3 {\r\n            color: var(--secondary-color);\r\n            border-bottom: 1px solid #eee;\r\n            padding-bottom: 0.5rem;\r\n        }\r\n        \r\n        .country-section {\r\n            border-left: 4px solid;\r\n            padding-left: 1rem;\r\n            margin: 2rem 0;\r\n        }\r\n        \r\n        .spain {\r\n            border-color: var(--spain-color);\r\n        }\r\n        \r\n        .portugal {\r\n            border-color: var(--portugal-color);\r\n        }\r\n        \r\n        .greece {\r\n            border-color: var(--greece-color);\r\n        }\r\n        \r\n        .italy {\r\n            border-color: var(--italy-color);\r\n        }\r\n        \r\n        .europe {\r\n            border-color: var(--europe-color);\r\n        }\r\n        \r\n        .key-point {\r\n            display: flex;\r\n            align-items: flex-start;\r\n            margin: 1rem 0;\r\n        }\r\n        \r\n        .key-point-icon {\r\n            font-size: 1.5rem;\r\n            margin-right: 1rem;\r\n            color: var(--secondary-color);\r\n        }\r\n        \r\n        .key-point-content {\r\n            flex: 1;\r\n        }\r\n        \r\n        @media (max-width: 768px) {\r\n            .container {\r\n                padding: 10px;\r\n            }\r\n            \r\n            th, td {\r\n                padding: 8px 10px;\r\n                font-size: 0.9rem;\r\n            }\r\n            \r\n            h1 {\r\n                font-size: 2rem;\r\n            }\r\n            \r\n            h2 {\r\n                font-size: 1.5rem;\r\n            }\r\n            \r\n            .comparison {\r\n                flex-direction: column;\r\n            }\r\n            \r\n            .comparison-box {\r\n                margin-right: 0;\r\n                margin-bottom: 1rem;\r\n            }\r\n        }\r\n    <\/style>\r\n<\/head>\r\n<body>\r\n    <header>\r\n        <div class=\"container\">\r\n            <h1>Analyse Compar\u00e9e de l'Immobilier R\u00e9sidentiel en Europe 2025<\/h1>\r\n            <p>Perspectives de march\u00e9, tendances et opportunit\u00e9s d'investissement<\/p>\r\n        <\/div>\r\n    <\/header>\r\n    \r\n    <div class=\"container\">\r\n        <div class=\"nav\">\r\n            <a href=\"#contexte\">Contexte Europ\u00e9en<\/a>\r\n            <a href=\"#pays\">Analyse par Pays<\/a>\r\n            <a href=\"#fiscalite\">Enjeux Fiscaux<\/a>\r\n            <a href=\"#tendances\">Tendances 2025<\/a>\r\n            <a href=\"#conseils\">Conseils<\/a>\r\n        <\/div>\r\n        \r\n        <div class=\"intro\">\r\n            <p>Le march\u00e9 immobilier r\u00e9sidentiel europ\u00e9en conna\u00eet en 2025 une transformation profonde, marqu\u00e9e par une reprise mod\u00e9r\u00e9e des investissements, l'\u00e9volution des r\u00e9glementations fiscales et l'\u00e9mergence de nouvelles tendances de consommation. Cette analyse comparative examine les principales dynamiques \u00e0 l'\u0153uvre dans les pays europ\u00e9ens les plus attractifs pour l'investissement r\u00e9sidentiel.<\/p>\r\n        <\/div>\r\n        \r\n        <div class=\"section\" id=\"contexte\">\r\n            <h2>Contexte Europ\u00e9en et Tendances Macro\u00e9conomiques<\/h2>\r\n            \r\n            <div class=\"key-point\">\r\n                <div class=\"key-point-icon\">\ud83d\udcc8<\/div>\r\n                <div class=\"key-point-content\">\r\n                    <h3>Reprise des investissements immobiliers<\/h3>\r\n                    <p>Les volumes d'investissement immobilier en Europe devraient atteindre 95 milliards d'euros au premier semestre 2025, soit une hausse de 11% sur un an. Cette reprise est port\u00e9e par une stabilisation des taux d'int\u00e9r\u00eat et une revue des valorisations :cite[2].<\/p>\r\n                <\/div>\r\n            <\/div>\r\n            \r\n            <div class=\"key-point\">\r\n                <div class=\"key-point-icon\">\ud83c\udf0d<\/div>\r\n                <div class=\"key-point-content\">\r\n                    <h3>Migration des capitaux et des populations<\/h3>\r\n                    <p>L'Europe \u00e9merge comme une destination privil\u00e9gi\u00e9e pour la migration des capitaux et des populations fortun\u00e9es, attir\u00e9es par la stabilit\u00e9 politique, la qualit\u00e9 de vie et les r\u00e9gimes fiscaux avantageux. 59% des HNWI (High Net Worth Individuals) d\u00e9clarent que les r\u00e8gles fiscales influencent leurs d\u00e9cisions de localisation :cite[3].<\/p>\r\n                <\/div>\r\n            <\/div>\r\n            \r\n            <div class=\"key-point\">\r\n                <div class=\"key-point-icon\">\ud83c\udfd9\ufe0f<\/div>\r\n                <div class=\"key-point-content\">\r\n                    <h3>Renouveau urbain<\/h3>\r\n                    <p>Contrairement aux tendances observ\u00e9es pendant la pand\u00e9mie, les centres urbains retrouvent leur attractivit\u00e9, avec pr\u00e8s de la moiti\u00e9 des personnes relocalis\u00e9es privil\u00e9giant d\u00e9sormais la vie en ville pour son anonymat, sa culture et sa commodit\u00e9 :cite[3].<\/p>\r\n                <\/div>\r\n            <\/div>\r\n            \r\n            <div class=\"highlight\">\r\n                <p>Classement 2025 des villes europ\u00e9ennes les plus attractives pour l'investissement immobilier : 1. Londres, 2. Madrid, 3. Paris, 4. Berlin, 5. Munich, 6. Amsterdam, 7. Milan, 8. Francfort, 9. Hambourg, 10. Lisbonne :cite[6].<\/p>\r\n            <\/div>\r\n        <\/div>\r\n        \r\n        <div class=\"section\" id=\"pays\">\r\n            <h2>Analyse Comparative par Pays<\/h2>\r\n            \r\n            <div class=\"country-section spain\">\r\n                <h3>Espagne : March\u00e9 dynamique \u00e0 fort potentiel locatif<\/h3>\r\n                <p>L'Espagne attire les investisseurs par son march\u00e9 immobilier dynamique. Les prix restent inf\u00e9rieurs de 25% au pic de 2008, avec des rendements locatifs entre 5 et 7% :cite[5].<\/p>\r\n                \r\n                <table>\r\n                    <thead>\r\n                        <tr>\r\n                            <th>Ville<\/th>\r\n                            <th>Prix au m\u00b2<\/th>\r\n                            <th>Rendement locatif<\/th>\r\n                            <th>\u00c9volution<\/th>\r\n                        <\/tr>\r\n                    <\/thead>\r\n                    <tbody>\r\n                        <tr>\r\n                            <td>Madrid<\/td>\r\n                            <td>2.271 \u20ac<\/td>\r\n                            <td>4,5%<\/td>\r\n                            <td>+25% en 5 ans<\/td>\r\n                        <\/tr>\r\n                        <tr>\r\n                            <td>Barcelone<\/td>\r\n                            <td>N\/A<\/td>\r\n                            <td>5-7%<\/td>\r\n                            <td>+33% depuis 2019<\/td>\r\n                        <\/tr>\r\n                        <tr>\r\n                            <td>Valence<\/td>\r\n                            <td>1.850 \u20ac<\/td>\r\n                            <td>4-5%<\/td>\r\n                            <td>Taux d'occupation 85%<\/td>\r\n                        <\/tr>\r\n                        <tr>\r\n                            <td>Malaga<\/td>\r\n                            <td>2.500 \u20ac<\/td>\r\n                            <td>5-6%<\/td>\r\n                            <td>+9,3%<\/td>\r\n                        <\/tr>\r\n                    <\/tbody>\r\n                <\/table>\r\n                \r\n                <div class=\"note\">\r\n                    <p>Avantage fiscal : Les r\u00e9sidents europ\u00e9ens paient 19% d'imp\u00f4t sur les loyers, contre 24% pour les non-r\u00e9sidents. L'ITP (Imp\u00f4t sur les Transmissions Patrimoniales) varie de 4% \u00e0 13% selon les r\u00e9gions :cite[5].<\/p>\r\n                <\/div>\r\n            <\/div>\r\n            \r\n            <div class=\"country-section portugal\">\r\n                <h3>Portugal : Stabilit\u00e9 et attractivit\u00e9 maintenues<\/h3>\r\n                <p>Le Portugal maintient une \u00e9conomie r\u00e9siliente avec une dette publique en baisse (de 112,4% \u00e0 104% du PIB entre 2022 et 2023) et une croissance stabilis\u00e9e \u00e0 2,5% en 2023 :cite[5].<\/p>\r\n                \r\n                <div class=\"key-point\">\r\n                    <div class=\"key-point-icon\">\ud83d\udd25<\/div>\r\n                    <div class=\"key-point-content\">\r\n                        <h4>Tension locative accentu\u00e9e<\/h4>\r\n                        <p>Lisbonne voit 8% des annonces lou\u00e9es en 24h et Porto 6%. Ce d\u00e9s\u00e9quilibre entre offre et demande favorise les investisseurs avec des rendements en hausse :cite[5].<\/p>\r\n                    <\/div>\r\n                <\/div>\r\n                \r\n                <div class=\"key-point\">\r\n                    <div class=\"key-point-icon\">\ud83d\udccb<\/div>\r\n                    <div class=\"key-point-content\">\r\n                        <h4>Conditions de financement<\/h4>\r\n                        <p>Les banques exigent un apport minimum de 30% pour un achat immobilier. Le taux d'effort est limit\u00e9 \u00e0 35% des revenus. Les non-r\u00e9sidents peuvent financer via des \u00e9tablissements locaux ou fran\u00e7ais :cite[5].<\/p>\r\n                    <\/div>\r\n                <\/div>\r\n            <\/div>\r\n            \r\n            <div class=\"country-section greece\">\r\n                <h3>Gr\u00e8ce : March\u00e9 en plein redressement<\/h3>\r\n                <p>Le march\u00e9 immobilier grec rebondit apr\u00e8s la crise de 2008. Les prix augmentent de 6,59% en 2024, avec un indice en hausse de 0,53% depuis 2007 :cite[5].<\/p>\r\n                \r\n                <p>La location meubl\u00e9e touristique \u00e0 Ath\u00e8nes offre des rendements de 5-6%, avec certains biens atteignant jusqu'\u00e0 12% de rendement brut. La capitale est souvent compar\u00e9e au \"nouveau Lisbonne\" pour son potentiel :cite[5].<\/p>\r\n                \r\n                <div class=\"highlight\">\r\n                    <p>Le programme Golden Visa grec a ajust\u00e9 ses seuils d'investissement (400.000 \u20ac dans les r\u00e9gions moins cot\u00e9es). Le d\u00e9ficit r\u00e9duit \u00e0 1,5% du PIB en 2024 rassure les investisseurs \u00e9trangers :cite[5].<\/p>\r\n                <\/div>\r\n            <\/div>\r\n            \r\n            <div class=\"country-section italy\">\r\n                <h3>Italie : Regain de vigueur avec des disparit\u00e9s r\u00e9gionales<\/h3>\r\n                <p>Le march\u00e9 italien rebondit apr\u00e8s une d\u00e9cennie de d\u00e9clin. Les investissements \u00e9trangers ont bondi de 25% en 2023, avec un prix moyen entre 2.850 \u20ac et 3.100 \u20ac\/m\u00b2 :cite[5].<\/p>\r\n                \r\n                <table>\r\n                    <thead>\r\n                        <tr>\r\n                            <th>Ville<\/th>\r\n                            <th>Prix au m\u00b2<\/th>\r\n                            <th>Tendance<\/th>\r\n                            <th>Sp\u00e9cificit\u00e9s<\/th>\r\n                        <\/tr>\r\n                    <\/thead>\r\n                    <tbody>\r\n                        <tr>\r\n                            <td>Milan<\/td>\r\n                            <td>\u2265 3.100 \u20ac<\/td>\r\n                            <td>+1-3%<\/td>\r\n                            <td>Prix les plus \u00e9lev\u00e9s<\/td>\r\n                        <\/tr>\r\n                        <tr>\r\n                            <td>Rome<\/td>\r\n                            <td>N\/A<\/td>\r\n                            <td>Stable<\/td>\r\n                            <td>12M de touristes\/an<\/td>\r\n                        <\/tr>\r\n                        <tr>\r\n                            <td>Florence<\/td>\r\n                            <td>4.184 \u20ac<\/td>\r\n                            <td>+~4%<\/td>\r\n                            <td>Destination touristique<\/td>\r\n                        <\/tr>\r\n                        <tr>\r\n                            <td>Naples<\/td>\r\n                            <td>2.696 \u20ac<\/td>\r\n                            <td>-1,5%<\/td>\r\n                            <td>Accessible<\/td>\r\n                        <\/tr>\r\n                    <\/tbody>\r\n                <\/table>\r\n                \r\n                <div class=\"note\">\r\n                    <p>Fiscalit\u00e9 : Bar\u00e8me progressif d'IRPEF (23-43%) sur les revenus locatifs. L'ITP varie de 2% \u00e0 9% selon les r\u00e9gions. Exon\u00e9rations pour les primo-acc\u00e9dants :cite[5].<\/p>\r\n                <\/div>\r\n            <\/div>\r\n            \r\n            <div class=\"country-section europe\">\r\n                <h3>Autres march\u00e9s prometteurs en Europe<\/h3>\r\n                \r\n                <div class=\"comparison\">\r\n                    <div class=\"comparison-box\">\r\n                        <h4>Europe Centrale et Orientale<\/h4>\r\n                        <p>La Moldavie, la Lituanie et la Mac\u00e9doine du Nord offrent les meilleurs rendements selon une \u00e9tude de William Russell :cite[10] :<\/p>\r\n                        <ul>\r\n                            <li>Moldavie : Rendement locatif \u00e9lev\u00e9, co\u00fbts d'achat \u2264 2,80%<\/li>\r\n                            <li>Lituanie : Prix +10% sur 3 mois fin 2024, rendement 6,39%<\/li>\r\n                            <li>Mac\u00e9doine du Nord : Rendement 6,47%, processus simplifi\u00e9<\/li>\r\n                        <\/ul>\r\n                    <\/div>\r\n                    \r\n                    <div class=\"comparison-box\">\r\n                        <h4>Pays \u00e0 tr\u00e8s haut rendement<\/h4>\r\n                        <p>Certains pays promettent des rendements bruts >7% :cite[10] :<\/p>\r\n                        <ul>\r\n                            <li>Serbie, Irlande, Lettonie : Rendements >7%<\/li>\r\n                            <li>Andorre, Mont\u00e9n\u00e9gro, Bulgarie : Rendements \u00e9lev\u00e9s + fiscalit\u00e9 mod\u00e9r\u00e9e<\/li>\r\n                            <li>Italie : Rendement 7,56% malgr\u00e9 imposition \u00e0 21%<\/li>\r\n                        <\/ul>\r\n                    <\/div>\r\n                <\/div>\r\n            <\/div>\r\n        <\/div>\r\n        \r\n        <div class=\"section\" id=\"fiscalite\">\r\n            <h2>Enjeux Fiscaux 2025<\/h2>\r\n            \r\n            <h3>\u00c9volutions r\u00e9glementaires en France<\/h3>\r\n            <p>Plusieurs r\u00e9formes fiscales impactent significativement l'investissement immobilier en 2025 :cite[1]:cite[9] :<\/p>\r\n            \r\n            <table>\r\n                <thead>\r\n                    <tr>\r\n                        <th>Mesure<\/th>\r\n                        <th>Impact<\/th>\r\n                        <th>Application<\/th>\r\n                    <\/tr>\r\n                <\/thead>\r\n                <tbody>\r\n                    <tr>\r\n                        <td>R\u00e9duction abattement meubl\u00e9s touristiques<\/td>\r\n                        <td>Abattement \u00e0 50% (vs 71%) avec plafond \u00e0 77.700\u20ac<\/td>\r\n                        <td>Revenus 2025 (d\u00e9claration 2026)<\/td>\r\n                    <\/tr>\r\n                    <tr>\r\n                        <td>R\u00e9int\u00e9gration amortissements dans plus-value<\/td>\r\n                        <td>Augmentation de la plus-value imposable \u00e0 la revente<\/td>\r\n                        <td>LMNP non professionnels<\/td>\r\n                    <\/tr>\r\n                    <tr>\r\n                        <td>Abaissement seuil TVA locations saisonni\u00e8res<\/td>\r\n                        <td>Seuil \u00e0 25.000\u20ac (vs 85.000\u20ac)<\/td>\r\n                        <td>Suspension pour concertation<\/td>\r\n                    <\/tr>\r\n                <\/tbody>\r\n            <\/table>\r\n            \r\n            <h3>Dispositifs de d\u00e9fiscalisation maintenus<\/h3>\r\n            <p>Certains dispositifs restent attractifs pour les investisseurs :cite[9] :<\/p>\r\n            \r\n            <div class=\"highlight\">\r\n                <p>\u2022 Loc'Avantages : Prolong\u00e9 jusqu'au 31 d\u00e9cembre 2027 minimum<br>\r\n                \u2022 PTZ : \u00c9tendu \u00e0 toute la France, y compris maisons individuelles neuves<br>\r\n                \u2022 Donations exon\u00e9r\u00e9es : Limite \u00e0 100.000\u20ac par donateur pour achat RP<\/p>\r\n            <\/div>\r\n            \r\n            <h3>Fiscalit\u00e9 de l'immobilier \u00e0 l'\u00e9tranger<\/h3>\r\n            <p>Pour les investissements transfrontaliers, le r\u00e9gime fiscal d\u00e9pend :cite[4] :<\/p>\r\n            \r\n            <div class=\"note\">\r\n                <p>1. De l'existence d'une convention fiscale entre la France et le pays de situation du bien<br>\r\n                2. En pr\u00e9sence d'une convention : g\u00e9n\u00e9ralement imposition dans le pays de situation du bien<br>\r\n                3. En l'absence de convention : risque de double imposition<\/p>\r\n            <\/div>\r\n        <\/div>\r\n        \r\n        <div class=\"section\" id=\"tendances\">\r\n            <h2>Tendances Structurelles et Perspectives 2025<\/h2>\r\n            \r\n            <div class=\"key-point\">\r\n                <div class=\"key-point-icon\">\ud83d\udcca<\/div>\r\n                <div class=\"key-point-content\">\r\n                    <h3>Reprise mod\u00e9r\u00e9e mais r\u00e9elle<\/h3>\r\n                    <p>L'immobilier europ\u00e9en devrait conna\u00eetre une reprise acc\u00e9l\u00e9r\u00e9e en 2025, port\u00e9e par une baisse continue des taux d'int\u00e9r\u00eat et une reprise de l'activit\u00e9 des investisseurs. Les transactions devraient augmenter de 15% dans les grands march\u00e9s europ\u00e9ens :cite[8].<\/p>\r\n                <\/div>\r\n            <\/div>\r\n            \r\n            <div class=\"key-point\">\r\n                <div class=\"key-point-icon\">\ud83c\udfd7\ufe0f<\/div>\r\n                <div class=\"key-point-content\">\r\n                    <h3>Segment \"Beds and Sheds\" en essor<\/h3>\r\n                    <p>Le segment op\u00e9rationnel (entrep\u00f4ts logistiques, r\u00e9sidences \u00e9tudiantes, h\u00f4tellerie) continue de cro\u00eetre. La demande pour des hubs logistiques strat\u00e9giques reste forte, tandis que l'h\u00f4tellerie et les r\u00e9sidences \u00e9tudiantes attirent de nouveaux investisseurs :cite[8].<\/p>\r\n                <\/div>\r\n            <\/div>\r\n            \r\n            <div class=\"key-point\">\r\n                <div class=\"key-point-icon\">\ud83c\udf31<\/div>\r\n                <div class=\"key-point-content\">\r\n                    <h3>Durabilit\u00e9 et num\u00e9rique<\/h3>\r\n                    <p>Les nouvelles r\u00e9glementations en mati\u00e8re d'efficacit\u00e9 \u00e9nerg\u00e9tique poussent les acteurs \u00e0 collaborer pour r\u00e9pondre aux objectifs climatiques. L'intelligence artificielle joue un r\u00f4le croissant pour optimiser la gestion immobili\u00e8re et pr\u00e9voir les comportements des locataires :cite[6]:cite[8].<\/p>\r\n                <\/div>\r\n            <\/div>\r\n            \r\n            <div class=\"key-point\">\r\n                <div class=\"key-point-icon\">\u26a0\ufe0f<\/div>\r\n                <div class=\"key-point-content\">\r\n                    <h3>Risques et incertitudes<\/h3>\r\n                    <p>L'instabilit\u00e9 g\u00e9opolitique combin\u00e9e \u00e0 l'augmentation de la r\u00e9glementation et des co\u00fbts de construction restent pr\u00e9occupantes. 74% des professionnels estiment que la r\u00e9glementation est le principal probl\u00e8me affectant les entreprises du secteur :cite[6].<\/p>\r\n                <\/div>\r\n            <\/div>\r\n        <\/div>\r\n        \r\n        <div class=\"section\" id=\"conseils\">\r\n            <h2>Conseils pour les Investisseurs<\/h2>\r\n            \r\n            <div class=\"comparison\">\r\n                <div class=\"comparison-box\">\r\n                    <h3>Strat\u00e9gies \u00e0 privil\u00e9gier<\/h3>\r\n                    <ul>\r\n                        <li>Diversification g\u00e9ographique et sectorielle<\/li>\r\n                        <li>Investissement dans l'immobilier op\u00e9rationnel (r\u00e9sidences \u00e9tudiantes, logistique)<\/li>\r\n                        <li>Ciblage des villes secondaires \u00e0 fort potentiel de croissance<\/li>\r\n                        <li>Attention particuli\u00e8re \u00e0 la fiscalit\u00e9 locale et internationale<\/li>\r\n                        <li>Prise en compte des crit\u00e8res ESG dans les d\u00e9cisions d'investissement<\/li>\r\n                    <\/ul>\r\n                <\/div>\r\n                \r\n                <div class=\"comparison-box\">\r\n                    <h3>\u00c9cueils \u00e0 \u00e9viter<\/h3>\r\n                    <ul>\r\n                        <li>Sous-estimation des co\u00fbts de gestion et de maintenance<\/li>\r\n                        <li>M\u00e9connaissance des r\u00e9glementations locales et fiscales<\/li>\r\n                        <li>Surendettement dans un contexte de taux encore volatils<\/li>\r\n                        <li>N\u00e9gligence des aspects \u00e9nerg\u00e9tiques et environnementaux<\/li>\r\n                        <li>Manque d'expertise locale pour les investissements internationaux<\/li>\r\n                    <\/ul>\r\n                <\/div>\r\n            <\/div>\r\n            \r\n            <div class=\"warning\">\r\n                <p>Important : Cette analyse a une valeur informative et ne saurait constituer un conseil en investissement personnalis\u00e9. Les march\u00e9s immobiliers \u00e9voluent rapidement et pr\u00e9sentent des risques. Il est essentiel de consulter des experts locaux et des conseillers sp\u00e9cialis\u00e9s avant toute d\u00e9cision d'investissement.<\/p>\r\n            <\/div>\r\n        <\/div>\r\n    <\/div>\r\n    \r\n    <div class=\"footer\">\r\n        <div class=\"container\">\r\n            <p>Analyse comparative de l'immobilier r\u00e9sidentiel en Europe - Septembre 2025<\/p>\r\n            <p>\u00a9 2025 - Sources : Donn\u00e9es consolid\u00e9es \u00e0 partir de multiples rapports sectoriels<\/p>\r\n        <\/div>\r\n    <\/div>\r\n<\/body>\r\n<\/html>\t\t\t\t<\/div>\n\t\t\t\t<\/div>\n\t\t\t\t\t<\/div>\n\t\t<\/div>\n\t\t\t\t\t<\/div>\n\t\t<\/section>\n\t\t\t\t<\/div>\n\t\t","protected":false},"excerpt":{"rendered":"","protected":false},"author":1,"featured_media":0,"comment_status":"open","ping_status":"open","sticky":false,"template":"","format":"standard","meta":{"footnotes":""},"categories":[1],"tags":[],"class_list":["post-3857","post","type-post","status-publish","format-standard","hentry","category-uncategorized"],"_links":{"self":[{"href":"http:\/\/avefi.com\/index.php?rest_route=\/wp\/v2\/posts\/3857","targetHints":{"allow":["GET"]}}],"collection":[{"href":"http:\/\/avefi.com\/index.php?rest_route=\/wp\/v2\/posts"}],"about":[{"href":"http:\/\/avefi.com\/index.php?rest_route=\/wp\/v2\/types\/post"}],"author":[{"embeddable":true,"href":"http:\/\/avefi.com\/index.php?rest_route=\/wp\/v2\/users\/1"}],"replies":[{"embeddable":true,"href":"http:\/\/avefi.com\/index.php?rest_route=%2Fwp%2Fv2%2Fcomments&post=3857"}],"version-history":[{"count":3,"href":"http:\/\/avefi.com\/index.php?rest_route=\/wp\/v2\/posts\/3857\/revisions"}],"predecessor-version":[{"id":3860,"href":"http:\/\/avefi.com\/index.php?rest_route=\/wp\/v2\/posts\/3857\/revisions\/3860"}],"wp:attachment":[{"href":"http:\/\/avefi.com\/index.php?rest_route=%2Fwp%2Fv2%2Fmedia&parent=3857"}],"wp:term":[{"taxonomy":"category","embeddable":true,"href":"http:\/\/avefi.com\/index.php?rest_route=%2Fwp%2Fv2%2Fcategories&post=3857"},{"taxonomy":"post_tag","embeddable":true,"href":"http:\/\/avefi.com\/index.php?rest_route=%2Fwp%2Fv2%2Ftags&post=3857"}],"curies":[{"name":"wp","href":"https:\/\/api.w.org\/{rel}","templated":true}]}}